{"id":14986,"date":"2025-12-15T20:23:15","date_gmt":"2025-12-15T19:23:15","guid":{"rendered":"https:\/\/vezere.org\/?p=14986"},"modified":"2025-12-15T20:31:17","modified_gmt":"2025-12-15T19:31:17","slug":"instant-emotion-musicale-humaine-et-photographique-sous-le-chene-venerable-a-azerat-dordogne","status":"publish","type":"post","link":"https:\/\/vezere.org\/index.php\/2025\/12\/15\/instant-emotion-musicale-humaine-et-photographique-sous-le-chene-venerable-a-azerat-dordogne\/","title":{"rendered":"Instant \u00e9motion musical, humain et photographique sous le ch\u00eane v\u00e9n\u00e9rable \u00e0 Azerat, Dordogne"},"content":{"rendered":"<p><a href=\"https:\/\/arborethic.com\/arbor\/fr\/home\/51-calendrier-2026-la-memoire-des-arbres-en-musiques-cree-par-jerome-hutin.html\" target=\"_blank\" rel=\"noopener\"><img loading=\"lazy\" decoding=\"async\" class=\"alignleft  wp-image-14991\" src=\"http:\/\/vezere.org\/wp-content\/uploads\/2025\/12\/calendrier-2026-Jerome-Hutin-725x1024.jpg\" alt=\"\" width=\"338\" height=\"477\" srcset=\"https:\/\/vezere.org\/wp-content\/uploads\/2025\/12\/calendrier-2026-Jerome-Hutin-725x1024.jpg 725w, https:\/\/vezere.org\/wp-content\/uploads\/2025\/12\/calendrier-2026-Jerome-Hutin-212x300.jpg 212w, https:\/\/vezere.org\/wp-content\/uploads\/2025\/12\/calendrier-2026-Jerome-Hutin-768x1085.jpg 768w, https:\/\/vezere.org\/wp-content\/uploads\/2025\/12\/calendrier-2026-Jerome-Hutin-1087x1536.jpg 1087w, https:\/\/vezere.org\/wp-content\/uploads\/2025\/12\/calendrier-2026-Jerome-Hutin-1449x2048.jpg 1449w, https:\/\/vezere.org\/wp-content\/uploads\/2025\/12\/calendrier-2026-Jerome-Hutin-1140x1611.jpg 1140w, https:\/\/vezere.org\/wp-content\/uploads\/2025\/12\/calendrier-2026-Jerome-Hutin.jpg 1500w\" sizes=\"auto, (max-width: 338px) 100vw, 338px\" \/><\/a>Ce 14 d\u00e9cembre 2025 a \u00e9t\u00e9 assez sp\u00e9cial pour moi. Le matin, je suis all\u00e9 dans deux march\u00e9s de No\u00ebl, celui du Lardin-Saint-Lazare, et celui de Chavagnac. Pas trop de motivation de ma part, gardant dans ma sacoche mes superbes calendriers imprim\u00e9s localement chez Id&rsquo;Graphic et avec du papier de la papeterie de Condat-sur-V\u00e9z\u00e8re.<\/p>\n<p>J&rsquo;aurai d\u00fb normalement faire le \u00ab\u00a0buzz\u00a0\u00bb en montrant mon calendrier au March\u00e9 de No\u00ebl du Lardin, mais non, je suis parti&#8230; trop de stress dans ma t\u00eate, apr\u00e8s ma situation comptable avec l&rsquo;URSSAF, le commissaire de justice, mais j&rsquo;ai tout de m\u00eame obtenu la main lev\u00e9e de la saisie vente, avec cela, c&rsquo;est \u00e0 dire depuis le 11 octobre 2025, je \u00ab\u00a0n&rsquo;avais pas le droit\u00a0\u00bb de d\u00e9placer ou vendre mes oeuvres qui sont dans mon appart&rsquo;galerie rue de la Libert\u00e9 \u00e0 Terrasson. Alors je ne me suis m\u00eame pas inscrit dans quelques march\u00e9s de\u00a0 No\u00ebl, mais ayant mes tabliers, mes coffrets de cartes connect\u00e9es et maintenant mes calendriers de la musique des arbres \u00e0 vendre.<\/p>\n<p><strong>Depuis quelques jours apr\u00e8s cette main lev\u00e9e<\/strong>, et un \u00e9ch\u00e9ancier \u00e0 mettre en place courant l&rsquo;ann\u00e9e 2026 (environ 10.000 euros ! oui j&rsquo;en suis enti\u00e8rement responsable), il m&rsquo;est donc possible de vendre&#8230;mon art, l&rsquo;ancien, l&rsquo;actuel, le prochain.<\/p>\n<p>Voici pour cette parenth\u00e8se, alors vous comprendrez que le moral n&rsquo;est pas tout le temps l\u00e0, mais je ne l\u00e2che pas sauf si d&rsquo;\u00e9ventuels client(e)s ou fan de mes photos souhaitent en acqu\u00e9rir pour d\u00e9corer chez eux ou offrir \u00e0 leurs famille, ami(e)s, clients etc&#8230;.<\/p>\n<p><strong>Mais la fin d&rsquo;apr\u00e8s midi a \u00e9t\u00e9 du bonheur<\/strong> en allant revoir le <strong>v\u00e9n\u00e9rable ch\u00eane au dessus de Azerat<\/strong> (propri\u00e9t\u00e9 priv\u00e9e) chez madame et monsieur Pasquier.<\/p>\n<p><img loading=\"lazy\" decoding=\"async\" class=\"aligncenter size-large wp-image-14987\" src=\"http:\/\/vezere.org\/wp-content\/uploads\/2025\/12\/HUT6600-chene-Azerat-Mme-Mr-Pasquier-web-1024x683.jpg\" alt=\"\" width=\"960\" height=\"640\" srcset=\"https:\/\/vezere.org\/wp-content\/uploads\/2025\/12\/HUT6600-chene-Azerat-Mme-Mr-Pasquier-web-1024x683.jpg 1024w, https:\/\/vezere.org\/wp-content\/uploads\/2025\/12\/HUT6600-chene-Azerat-Mme-Mr-Pasquier-web-300x200.jpg 300w, https:\/\/vezere.org\/wp-content\/uploads\/2025\/12\/HUT6600-chene-Azerat-Mme-Mr-Pasquier-web-768x512.jpg 768w, https:\/\/vezere.org\/wp-content\/uploads\/2025\/12\/HUT6600-chene-Azerat-Mme-Mr-Pasquier-web-1536x1024.jpg 1536w, https:\/\/vezere.org\/wp-content\/uploads\/2025\/12\/HUT6600-chene-Azerat-Mme-Mr-Pasquier-web-1140x760.jpg 1140w, https:\/\/vezere.org\/wp-content\/uploads\/2025\/12\/HUT6600-chene-Azerat-Mme-Mr-Pasquier-web-272x182.jpg 272w, https:\/\/vezere.org\/wp-content\/uploads\/2025\/12\/HUT6600-chene-Azerat-Mme-Mr-Pasquier-web.jpg 1800w\" sizes=\"auto, (max-width: 960px) 100vw, 960px\" \/><\/p>\n<p>\u00c9tant pr\u00e9sents, cela faisait bien depuis 2014 que je ne les avais pas revu, une des photos du ch\u00eane qui faisait la couverture de mon livre \u00ab\u00a0<strong>arbres tr\u00e9sors vivants du P\u00e9rigord<\/strong>\u00ab\u00a0. Je leur ai montr\u00e9 mes tabliers dont un imprim\u00e9 avec leur ch\u00eane ! Merci pour leur achat&#8230;\u00a0 Je leur ai parl\u00e9 de la musique des arbres, et je leur ai propos\u00e9 de venir avec moi, afin d&rsquo;\u00e9couter les variations micro-\u00e9lectriques du ch\u00eane.\u00a0 Ils ont \u00e9t\u00e9 agr\u00e9ablement surpris, souriant tout en \u00e9coutant cette musique et mes quelques explications.<\/p>\n<p><a href=\"https:\/\/arborethic.com\/arbor\/fr\/home\/35-tablier-de-cusine-ou-de-jardinage-chene-de-azerat-concu-par-jerome-hutin-photographe.html\" target=\"_blank\" rel=\"noopener\"><img loading=\"lazy\" decoding=\"async\" class=\"aligncenter size-full wp-image-14992\" src=\"http:\/\/vezere.org\/wp-content\/uploads\/2025\/12\/patron-tablier-1-avec-poches-chene-azerat-je-suis-un-arbre.jpg\" alt=\"\" width=\"714\" height=\"714\" srcset=\"https:\/\/vezere.org\/wp-content\/uploads\/2025\/12\/patron-tablier-1-avec-poches-chene-azerat-je-suis-un-arbre.jpg 714w, https:\/\/vezere.org\/wp-content\/uploads\/2025\/12\/patron-tablier-1-avec-poches-chene-azerat-je-suis-un-arbre-300x300.jpg 300w, https:\/\/vezere.org\/wp-content\/uploads\/2025\/12\/patron-tablier-1-avec-poches-chene-azerat-je-suis-un-arbre-150x150.jpg 150w, https:\/\/vezere.org\/wp-content\/uploads\/2025\/12\/patron-tablier-1-avec-poches-chene-azerat-je-suis-un-arbre-75x75.jpg 75w\" sizes=\"auto, (max-width: 714px) 100vw, 714px\" \/><\/a><\/p>\n<p><strong>Puis je leur ai propos\u00e9 de connecter le boitier sur eux, c&rsquo;est \u00e0 dire, une tige au sol, sous l&rsquo;arbre, et une pince dans leur main.<\/strong> Tout d&rsquo;abord honneur aux dames ! Et la magie et la science a \u00e9t\u00e9 l\u00e0 pour madame Pasquier qui a pu entendre pour la premi\u00e8re fois de sa vie \u00ab\u00a0sa musique int\u00e9rieure\u00a0\u00bb pendant une minute, on peut faire plus long. Puis j&rsquo;ai propos\u00e9 \u00e0 Monsieur Pasquier&#8230; dommage, pas de contact a \u00e9crit le boitier donc pas de musique&#8230; alors en lui disant de garder la pince dans sa main, j&rsquo;ai demand\u00e9 \u00e0 sa femme de poser sa main sur la sienne, et l\u00e0 magie ! encore une fois la science \u00e0 fait son effet et la musique sortie de l&rsquo;enceinte . La musique int\u00e9rieure de leur union qui sait&#8230; je pense qu&rsquo;il ont \u00e9t\u00e9 touch\u00e9 ! Pouvoir entendre, ressentir leurs musiques int\u00e9rieures, sous leur grand et v\u00e9n\u00e9rable ch\u00eane.<\/p>\n<p><strong>Voici alors les photos du moment, et les trois moments musicaux.\u00a0<\/strong><\/p>\n<p><img loading=\"lazy\" decoding=\"async\" class=\"aligncenter size-large wp-image-14988\" src=\"http:\/\/vezere.org\/wp-content\/uploads\/2025\/12\/HUT6590-chene-azerat-madame-et-monsieur-Pasquier-wweb-1024x683.jpg\" alt=\"\" width=\"960\" height=\"640\" srcset=\"https:\/\/vezere.org\/wp-content\/uploads\/2025\/12\/HUT6590-chene-azerat-madame-et-monsieur-Pasquier-wweb-1024x683.jpg 1024w, https:\/\/vezere.org\/wp-content\/uploads\/2025\/12\/HUT6590-chene-azerat-madame-et-monsieur-Pasquier-wweb-300x200.jpg 300w, https:\/\/vezere.org\/wp-content\/uploads\/2025\/12\/HUT6590-chene-azerat-madame-et-monsieur-Pasquier-wweb-768x512.jpg 768w, https:\/\/vezere.org\/wp-content\/uploads\/2025\/12\/HUT6590-chene-azerat-madame-et-monsieur-Pasquier-wweb-1536x1024.jpg 1536w, https:\/\/vezere.org\/wp-content\/uploads\/2025\/12\/HUT6590-chene-azerat-madame-et-monsieur-Pasquier-wweb-1140x760.jpg 1140w, https:\/\/vezere.org\/wp-content\/uploads\/2025\/12\/HUT6590-chene-azerat-madame-et-monsieur-Pasquier-wweb-272x182.jpg 272w, https:\/\/vezere.org\/wp-content\/uploads\/2025\/12\/HUT6590-chene-azerat-madame-et-monsieur-Pasquier-wweb.jpg 1800w\" sizes=\"auto, (max-width: 960px) 100vw, 960px\" \/><\/p>\n<ul>\n<li><strong>musique des micro-variations \u00e9lectriques de madame Pasquier, le 14 d\u00e9cembre 2025<\/strong><\/li>\n<\/ul>\n<!--[if lt IE 9]><script>document.createElement('audio');<\/script><![endif]-->\n<audio class=\"wp-audio-shortcode\" id=\"audio-14986-1\" preload=\"none\" style=\"width: 100%;\" controls=\"controls\"><source type=\"audio\/mpeg\" src=\"https:\/\/vezere.org\/wp-content\/uploads\/2025\/12\/mme-Pasquier-cheneAzerat-ZOOM0104_01.mp3?_=1\" \/><a href=\"https:\/\/vezere.org\/wp-content\/uploads\/2025\/12\/mme-Pasquier-cheneAzerat-ZOOM0104_01.mp3\">https:\/\/vezere.org\/wp-content\/uploads\/2025\/12\/mme-Pasquier-cheneAzerat-ZOOM0104_01.mp3<\/a><\/audio>\n<ul>\n<li><strong>musique des micro-variations \u00e9lectriques de madame et monsieur Pasquier, le 14 d\u00e9cembre 2025<\/strong><\/li>\n<\/ul>\n<audio class=\"wp-audio-shortcode\" id=\"audio-14986-2\" preload=\"none\" style=\"width: 100%;\" controls=\"controls\"><source type=\"audio\/mpeg\" src=\"https:\/\/vezere.org\/wp-content\/uploads\/2025\/12\/Mr-et--Mme-Pasquier-chene-Azerat-14d%c3%a9cembre2025-ZOOM0105_01.mp3?_=2\" \/><a href=\"https:\/\/vezere.org\/wp-content\/uploads\/2025\/12\/Mr-et--Mme-Pasquier-chene-Azerat-14d%c3%a9cembre2025-ZOOM0105_01.mp3\">https:\/\/vezere.org\/wp-content\/uploads\/2025\/12\/Mr-et--Mme-Pasquier-chene-Azerat-14d%c3%a9cembre2025-ZOOM0105_01.mp3<\/a><\/audio>\n<ul>\n<li><strong>musique des micro-variations \u00e9lectriques du ch\u00eane \u00e0 Azerat pendant 50 minutes environ !!! , le 14 d\u00e9cembre 2025<\/strong><\/li>\n<\/ul>\n<audio class=\"wp-audio-shortcode\" id=\"audio-14986-3\" preload=\"none\" style=\"width: 100%;\" controls=\"controls\"><source type=\"audio\/mpeg\" src=\"https:\/\/vezere.org\/wp-content\/uploads\/2025\/12\/chene-Azerat-14decembre2025-ZOOM0106_01.mp3?_=3\" \/><a href=\"https:\/\/vezere.org\/wp-content\/uploads\/2025\/12\/chene-Azerat-14decembre2025-ZOOM0106_01.mp3\">https:\/\/vezere.org\/wp-content\/uploads\/2025\/12\/chene-Azerat-14decembre2025-ZOOM0106_01.mp3<\/a><\/audio>\n<p><strong>La nuit tomb\u00e9e avec les \u00e9toiles, j&rsquo;ai fais quelques photos nocturnes, mais ce ne sont pas les meilleures, donc \u00e0 en refaite bient\u00f4t, soucis techniques quand j&rsquo;enl\u00e8ve la bu\u00e9e sur le filtre de l&rsquo;objectif.<\/strong><\/p>\n<p><span style=\"color: #ff0000;\"><strong>Alors maintenant, posez-vous et \u00e9coutez de pr\u00e9f\u00e9rence avec un casque pour entendre la subtilit\u00e9 de chaque note<\/strong><\/span> (m\u00eame si elles sont transcod\u00e9es, elles viennent de l&rsquo;arbre et d&rsquo;eux-m\u00eames.)<\/p>\n<p>Pour ma part, c&rsquo;est un instant pr\u00e9sent, sensible, \u00e9mouvant, de les voir se tenir leurs mains et d&rsquo;entendre cette musique&#8230;.<\/p>\n<p><img loading=\"lazy\" decoding=\"async\" class=\"aligncenter size-large wp-image-14990\" src=\"http:\/\/vezere.org\/wp-content\/uploads\/2025\/12\/chene-Azerat-etoiles-14decembre2025web-683x1024.jpg\" alt=\"\" width=\"683\" height=\"1024\" srcset=\"https:\/\/vezere.org\/wp-content\/uploads\/2025\/12\/chene-Azerat-etoiles-14decembre2025web-683x1024.jpg 683w, https:\/\/vezere.org\/wp-content\/uploads\/2025\/12\/chene-Azerat-etoiles-14decembre2025web-200x300.jpg 200w, https:\/\/vezere.org\/wp-content\/uploads\/2025\/12\/chene-Azerat-etoiles-14decembre2025web-768x1152.jpg 768w, https:\/\/vezere.org\/wp-content\/uploads\/2025\/12\/chene-Azerat-etoiles-14decembre2025web.jpg 800w\" sizes=\"auto, (max-width: 683px) 100vw, 683px\" \/><\/p>\n<p><strong><span style=\"color: #ff0000;\">NB<\/span><\/strong>: Je peux tr\u00e8s bien venir enregistrer les musiques de vos arbres, de vos parcs, de vos jardins et cr\u00e9er des cartes connect\u00e9es personnalis\u00e9es, des calendriers etc &#8230;.de jolis et uniques cadeaux \u00e0 offrir autour de vous, pour le bien-\u00eatre de tous et toutes.<\/p>\n<p><img loading=\"lazy\" decoding=\"async\" class=\"aligncenter size-large wp-image-14989\" src=\"http:\/\/vezere.org\/wp-content\/uploads\/2025\/12\/chene-Azerat-etoiles-14decembre2025-bis-web-1024x683.jpg\" alt=\"\" width=\"960\" height=\"640\" srcset=\"https:\/\/vezere.org\/wp-content\/uploads\/2025\/12\/chene-Azerat-etoiles-14decembre2025-bis-web-1024x683.jpg 1024w, https:\/\/vezere.org\/wp-content\/uploads\/2025\/12\/chene-Azerat-etoiles-14decembre2025-bis-web-300x200.jpg 300w, https:\/\/vezere.org\/wp-content\/uploads\/2025\/12\/chene-Azerat-etoiles-14decembre2025-bis-web-768x512.jpg 768w, https:\/\/vezere.org\/wp-content\/uploads\/2025\/12\/chene-Azerat-etoiles-14decembre2025-bis-web-1536x1024.jpg 1536w, https:\/\/vezere.org\/wp-content\/uploads\/2025\/12\/chene-Azerat-etoiles-14decembre2025-bis-web-1140x760.jpg 1140w, https:\/\/vezere.org\/wp-content\/uploads\/2025\/12\/chene-Azerat-etoiles-14decembre2025-bis-web-272x182.jpg 272w, https:\/\/vezere.org\/wp-content\/uploads\/2025\/12\/chene-Azerat-etoiles-14decembre2025-bis-web.jpg 1800w\" sizes=\"auto, (max-width: 960px) 100vw, 960px\" \/><\/p>\n<p>Namast\u00e9 !<\/p>\n<p>Kodama !<\/p>\n<p>J\u00e9r\u00f4me Hutin<\/p>\n<p>Pour Arbor&rsquo;Ethic<\/p>\n","protected":false},"excerpt":{"rendered":"<p>Ce 14 d\u00e9cembre 2025 a \u00e9t\u00e9 assez sp\u00e9cial pour moi. Le matin, je suis all\u00e9 dans deux march\u00e9s de No\u00ebl, celui du Lardin-Saint-Lazare, et celui de Chavagnac. Pas trop de motivation de ma part, gardant dans ma sacoche mes superbes calendriers imprim\u00e9s localement chez Id&rsquo;Graphic et avec du papier de la papeterie de Condat-sur-V\u00e9z\u00e8re. J&rsquo;aurai d\u00fb normalement faire le \u00ab\u00a0buzz\u00a0\u00bb en montrant mon calendrier au March\u00e9 de No\u00ebl du Lardin, mais non, je suis parti&#8230; trop de stress dans ma t\u00eate, apr\u00e8s ma situation comptable avec l&rsquo;URSSAF, le commissaire de justice, mais j&rsquo;ai tout de m\u00eame obtenu la main lev\u00e9e de la saisie vente, avec cela, c&rsquo;est \u00e0 dire depuis le 11 octobre 2025, je \u00ab\u00a0n&rsquo;avais pas le droit\u00a0\u00bb de d\u00e9placer ou vendre mes oeuvres qui sont dans mon appart&rsquo;galerie rue de la Libert\u00e9 \u00e0 Terrasson. Alors je ne me suis m\u00eame pas inscrit dans quelques march\u00e9s de\u00a0 No\u00ebl, mais ayant mes tabliers, mes coffrets de cartes connect\u00e9es et maintenant mes calendriers de la musique des arbres \u00e0 vendre. Depuis quelques jours apr\u00e8s cette main lev\u00e9e, et un \u00e9ch\u00e9ancier \u00e0 mettre en place courant l&rsquo;ann\u00e9e 2026 (environ 10.000 euros ! oui j&rsquo;en suis enti\u00e8rement responsable), il m&rsquo;est donc possible de vendre&#8230;mon art, l&rsquo;ancien, l&rsquo;actuel, le prochain. Voici pour cette parenth\u00e8se, alors vous comprendrez que le moral n&rsquo;est pas tout le temps l\u00e0, mais je ne l\u00e2che pas sauf si d&rsquo;\u00e9ventuels client(e)s ou fan de mes photos souhaitent en acqu\u00e9rir pour d\u00e9corer chez eux ou offrir \u00e0 leurs famille, ami(e)s, clients etc&#8230;. Mais la fin d&rsquo;apr\u00e8s midi a \u00e9t\u00e9 du bonheur en allant revoir le v\u00e9n\u00e9rable ch\u00eane au dessus de Azerat (propri\u00e9t\u00e9 priv\u00e9e) chez madame et monsieur Pasquier. \u00c9tant pr\u00e9sents, cela faisait bien depuis 2014 que je ne les avais pas revu, une des photos du ch\u00eane qui faisait la couverture de mon livre \u00ab\u00a0arbres tr\u00e9sors vivants du P\u00e9rigord\u00ab\u00a0. Je leur ai montr\u00e9 mes tabliers dont un imprim\u00e9 avec leur ch\u00eane ! Merci pour leur achat&#8230;\u00a0 Je leur ai parl\u00e9 de la musique des arbres, et je leur ai propos\u00e9 de venir avec moi, afin d&rsquo;\u00e9couter les variations micro-\u00e9lectriques du ch\u00eane.\u00a0 Ils ont \u00e9t\u00e9 agr\u00e9ablement surpris, souriant tout en \u00e9coutant cette musique et mes quelques explications. Puis je leur ai propos\u00e9 de connecter le boitier sur eux, c&rsquo;est \u00e0 dire, une tige au sol, sous l&rsquo;arbre, et une pince dans leur main. Tout d&rsquo;abord honneur aux dames ! Et la magie et la science a \u00e9t\u00e9 l\u00e0 pour madame Pasquier qui a pu entendre pour la premi\u00e8re fois de sa vie \u00ab\u00a0sa musique int\u00e9rieure\u00a0\u00bb pendant une minute, on peut faire plus long. Puis j&rsquo;ai propos\u00e9 \u00e0 Monsieur Pasquier&#8230; dommage, pas de contact a \u00e9crit le boitier donc pas de musique&#8230; alors en lui disant de garder la pince dans sa main, j&rsquo;ai demand\u00e9 \u00e0 sa femme de poser sa main sur la sienne, et l\u00e0 magie ! encore une fois la science \u00e0 fait son effet et la musique sortie de l&rsquo;enceinte . La musique int\u00e9rieure de leur union qui sait&#8230; je pense qu&rsquo;il ont \u00e9t\u00e9 touch\u00e9 ! Pouvoir entendre, ressentir leurs musiques int\u00e9rieures, sous leur grand et v\u00e9n\u00e9rable ch\u00eane. Voici alors les photos du moment, et les trois moments musicaux.\u00a0 musique des micro-variations \u00e9lectriques de madame Pasquier, le 14 d\u00e9cembre 2025 musique des micro-variations \u00e9lectriques de madame et monsieur Pasquier, le 14 d\u00e9cembre 2025 musique des micro-variations \u00e9lectriques du ch\u00eane \u00e0 Azerat pendant 50 minutes environ !!! , le 14 d\u00e9cembre 2025 La nuit tomb\u00e9e avec les \u00e9toiles, j&rsquo;ai fais quelques photos nocturnes, mais ce ne sont pas les meilleures, donc \u00e0 en refaite bient\u00f4t, soucis techniques quand j&rsquo;enl\u00e8ve la bu\u00e9e sur le filtre de l&rsquo;objectif. Alors maintenant, posez-vous et \u00e9coutez de pr\u00e9f\u00e9rence avec un casque pour entendre la subtilit\u00e9 de chaque note (m\u00eame si elles sont transcod\u00e9es, elles viennent de l&rsquo;arbre et d&rsquo;eux-m\u00eames.) Pour ma part, c&rsquo;est un instant pr\u00e9sent, sensible, \u00e9mouvant, de les voir se tenir leurs mains et d&rsquo;entendre cette musique&#8230;. NB: Je peux tr\u00e8s bien venir enregistrer les musiques de vos arbres, de vos parcs, de vos jardins et cr\u00e9er des cartes connect\u00e9es personnalis\u00e9es, des calendriers etc &#8230;.de jolis et uniques cadeaux \u00e0 offrir autour de vous, pour le bien-\u00eatre de tous et toutes. Namast\u00e9 ! Kodama ! J\u00e9r\u00f4me Hutin Pour Arbor&rsquo;Ethic<\/p>\n","protected":false},"author":1,"featured_media":14987,"comment_status":"open","ping_status":"open","sticky":false,"template":"","format":"standard","meta":{"footnotes":""},"categories":[3,95,53,67,82,75,56,93,17,13],"tags":[],"class_list":["post-14986","post","type-post","status-publish","format-standard","has-post-thumbnail","hentry","category-arbres","category-calendriers-2026","category-dordogne","category-la-biodiversite","category-le-lardin-saint-lazare","category-musique","category-nature","category-tabliers","category-terrasson","category-vezere"],"_links":{"self":[{"href":"https:\/\/vezere.org\/index.php\/wp-json\/wp\/v2\/posts\/14986","targetHints":{"allow":["GET"]}}],"collection":[{"href":"https:\/\/vezere.org\/index.php\/wp-json\/wp\/v2\/posts"}],"about":[{"href":"https:\/\/vezere.org\/index.php\/wp-json\/wp\/v2\/types\/post"}],"author":[{"embeddable":true,"href":"https:\/\/vezere.org\/index.php\/wp-json\/wp\/v2\/users\/1"}],"replies":[{"embeddable":true,"href":"https:\/\/vezere.org\/index.php\/wp-json\/wp\/v2\/comments?post=14986"}],"version-history":[{"count":4,"href":"https:\/\/vezere.org\/index.php\/wp-json\/wp\/v2\/posts\/14986\/revisions"}],"predecessor-version":[{"id":14997,"href":"https:\/\/vezere.org\/index.php\/wp-json\/wp\/v2\/posts\/14986\/revisions\/14997"}],"wp:featuredmedia":[{"embeddable":true,"href":"https:\/\/vezere.org\/index.php\/wp-json\/wp\/v2\/media\/14987"}],"wp:attachment":[{"href":"https:\/\/vezere.org\/index.php\/wp-json\/wp\/v2\/media?parent=14986"}],"wp:term":[{"taxonomy":"category","embeddable":true,"href":"https:\/\/vezere.org\/index.php\/wp-json\/wp\/v2\/categories?post=14986"},{"taxonomy":"post_tag","embeddable":true,"href":"https:\/\/vezere.org\/index.php\/wp-json\/wp\/v2\/tags?post=14986"}],"curies":[{"name":"wp","href":"https:\/\/api.w.org\/{rel}","templated":true}]}}