{"id":11512,"date":"2023-01-19T14:13:20","date_gmt":"2023-01-19T13:13:20","guid":{"rendered":"http:\/\/vezere.org\/?p=11512"},"modified":"2023-01-19T14:14:09","modified_gmt":"2023-01-19T13:14:09","slug":"ecrire-avec-le-lumiere-jerome-hutin-deux-nouvelles-lampes-de-chevet-la-vezere-a-la-tourbiere-de-longeyroux-sous-la-neige-correze","status":"publish","type":"post","link":"https:\/\/vezere.org\/index.php\/2023\/01\/19\/ecrire-avec-le-lumiere-jerome-hutin-deux-nouvelles-lampes-de-chevet-la-vezere-a-la-tourbiere-de-longeyroux-sous-la-neige-correze\/","title":{"rendered":"\u00ab\u00a0Ecrire avec la Lumi\u00e8re (J\u00e9r\u00f4me Hutin) : deux nouvelles lampes de chevet \u00ab\u00a0La V\u00e9z\u00e8re \u00e0 la Tourbi\u00e8re de Longeyroux sous la neige\u00a0\u00bb, Corr\u00e8ze"},"content":{"rendered":"<div class=\"\" dir=\"auto\">\n<div class=\"\" dir=\"auto\">\n<div class=\"x1iorvi4 x1pi30zi x1l90r2v x1swvt13\" data-ad-comet-preview=\"message\" data-ad-preview=\"message\">\n<div class=\"x78zum5 xdt5ytf xz62fqu x16ldp7u\">\n<div class=\"xu06os2 x1ok221b\">\n<div class=\"x11i5rnm xat24cr x1mh8g0r x1vvkbs xdj266r x126k92a\">\n<div dir=\"auto\"><\/div>\n<div dir=\"auto\"><a href=\"http:\/\/vezere.org\/wp-content\/uploads\/2023\/01\/tourbiere_longeyroux_sous_neige_duo.jpg\"><img loading=\"lazy\" decoding=\"async\" class=\"aligncenter wp-image-11514\" src=\"http:\/\/vezere.org\/wp-content\/uploads\/2023\/01\/tourbiere_longeyroux_sous_neige_duo-1024x972.jpg\" alt=\"\" width=\"554\" height=\"526\" srcset=\"https:\/\/vezere.org\/wp-content\/uploads\/2023\/01\/tourbiere_longeyroux_sous_neige_duo-1024x972.jpg 1024w, https:\/\/vezere.org\/wp-content\/uploads\/2023\/01\/tourbiere_longeyroux_sous_neige_duo-300x285.jpg 300w, https:\/\/vezere.org\/wp-content\/uploads\/2023\/01\/tourbiere_longeyroux_sous_neige_duo-768x729.jpg 768w, https:\/\/vezere.org\/wp-content\/uploads\/2023\/01\/tourbiere_longeyroux_sous_neige_duo-1140x1082.jpg 1140w, https:\/\/vezere.org\/wp-content\/uploads\/2023\/01\/tourbiere_longeyroux_sous_neige_duo.jpg 1963w\" sizes=\"auto, (max-width: 554px) 100vw, 554px\" \/><\/a><\/div>\n<div dir=\"auto\"><\/div>\n<div dir=\"auto\"><strong>Je viens de finaliser deux nouvelles lampes de chevets repr\u00e9sentant la V\u00e9z\u00e8re \u00e0 la tourbi\u00e8re de Longeyroux sous la neige.<\/strong><\/div>\n<div dir=\"auto\"><\/div>\n<\/div>\n<div class=\"x11i5rnm xat24cr x1mh8g0r x1vvkbs xtlvy1s x126k92a\">\n<div dir=\"auto\">Pour les abat-jours, il sont imprim\u00e9s par mes soins, dans mon appart&rsquo;galerie \u00e0 Terrasson sur papier CANSON Infinity Arche.<\/div>\n<div dir=\"auto\"><\/div>\n<\/div>\n<div class=\"x11i5rnm xat24cr x1mh8g0r x1vvkbs xtlvy1s x126k92a\">\n<div dir=\"auto\">Les pieds proviennent d&rsquo;ancien isolateurs \u00e9lectriques en verre et la pierre est fournie par les <a class=\"x1i10hfl xjbqb8w x6umtig x1b1mbwd xaqea5y xav7gou x9f619 x1ypdohk xt0psk2 xe8uvvx xdj266r x11i5rnm xat24cr x1mh8g0r xexx8yu x4uap5 x18d9i69 xkhd6sd x16tdsg8 x1hl2dhg xggy1nq x1a2a7pz xt0b8zv x1qq9wsj xo1l8bm\" tabindex=\"0\" role=\"link\" href=\"https:\/\/www.facebook.com\/hashtag\/compagnonsreunis?__eep__=6&amp;__cft__[0]=AZVhaksS8E5mKKNBx4sf6US-z4VT0x7qsc4m_UEkX6k5VnCQCdcb6OdWCtbJw5pCZKGyR4L1y1_TsE2fuCWstgcEri9aDFOdNKHEcUtaeaTDe8yiiF5aR9NWZF0gQmrQ-i5e-y6ZR9lyv0V1U_DV5rOOFlhj0U5CLvRLv9JFu5Ekk-35FpzMuE-WQElZDCxSc5ONLvTje7IF18jh_Ncn3n6b&amp;__tn__=*NK-y-R\">#CompagnonsReunis<\/a> de <a class=\"x1i10hfl xjbqb8w x6umtig x1b1mbwd xaqea5y xav7gou x9f619 x1ypdohk xt0psk2 xe8uvvx xdj266r x11i5rnm xat24cr x1mh8g0r xexx8yu x4uap5 x18d9i69 xkhd6sd x16tdsg8 x1hl2dhg xggy1nq x1a2a7pz xt0b8zv x1qq9wsj xo1l8bm\" tabindex=\"0\" role=\"link\" href=\"https:\/\/www.facebook.com\/hashtag\/peyrignac?__eep__=6&amp;__cft__[0]=AZVhaksS8E5mKKNBx4sf6US-z4VT0x7qsc4m_UEkX6k5VnCQCdcb6OdWCtbJw5pCZKGyR4L1y1_TsE2fuCWstgcEri9aDFOdNKHEcUtaeaTDe8yiiF5aR9NWZF0gQmrQ-i5e-y6ZR9lyv0V1U_DV5rOOFlhj0U5CLvRLv9JFu5Ekk-35FpzMuE-WQElZDCxSc5ONLvTje7IF18jh_Ncn3n6b&amp;__tn__=*NK-y-R\">#Peyrignac<\/a> . Merci a<strong> Georges Lafaye<\/strong> pour me les avoir fourni et \u00e0 de ses tailleurs de pierre. Le dessous est du li\u00e8ge.<\/div>\n<div dir=\"auto\"><\/div>\n<div dir=\"auto\">Et elles sont lumineuses ! Et rajoutera de beaux paysages de la Corr\u00e8ze et de la V\u00e9z\u00e8re dans \u00ab\u00a0votre chez vous\u00a0\u00bb ou dans vos \u00ab\u00a0chambres d&rsquo;h\u00f4tes\u00a0\u00bb.<\/div>\n<div dir=\"auto\"><\/div>\n<\/div>\n<div class=\"x11i5rnm xat24cr x1mh8g0r x1vvkbs xtlvy1s x126k92a\">\n<div dir=\"auto\">Ces deux lampes sont ins\u00e9parables bien \u00e9videmment.<\/div>\n<div dir=\"auto\"><\/div>\n<\/div>\n<div class=\"x11i5rnm xat24cr x1mh8g0r x1vvkbs xtlvy1s x126k92a\">\n<div dir=\"auto\">Elles sont sign\u00e9es<strong> J\u00e9r\u00f4me Hutin &#8211; Arbor&rsquo;Ethic<\/strong><\/div>\n<div dir=\"auto\"><\/div>\n<\/div>\n<div class=\"x11i5rnm xat24cr x1mh8g0r x1vvkbs xtlvy1s x126k92a\">\n<div dir=\"auto\">La photographie a \u00e9t\u00e9 r\u00e9alis\u00e9e le 07 Janvier 2021, apr\u00e8s avoir march\u00e9 7 km ! les pieds gel\u00e9s <span class=\"x3nfvp2 x1j61x8r x1fcty0u xdj266r xhhsvwb xat24cr xgzva0m xxymvpz xlup9mm x1kky2od\"><img loading=\"lazy\" decoding=\"async\" src=\"https:\/\/static.xx.fbcdn.net\/images\/emoji.php\/v9\/ta5\/1.5\/16\/1f642.png\" alt=\"\ud83d\ude42\" width=\"16\" height=\"16\" \/><\/span> J&rsquo;\u00e9tais le seul \u00e0 r\u00e9aliser cette magnifique photo !<\/div>\n<\/div>\n<div dir=\"auto\"><\/div>\n<div class=\"x11i5rnm xat24cr x1mh8g0r x1vvkbs xtlvy1s x126k92a\">\n<div dir=\"auto\">L&rsquo;arbre au centre de l&rsquo;image est un bouleau, arbre celtique !<\/div>\n<div dir=\"auto\"><\/div>\n<\/div>\n<div class=\"x11i5rnm xat24cr x1mh8g0r x1vvkbs xtlvy1s x126k92a\">\n<div dir=\"auto\">Cette photographie avait \u00e9t\u00e9 expos\u00e9e en 4 m de long sur les remparts de Terrasson en 2021 !<\/div>\n<div dir=\"auto\"><\/div>\n<div dir=\"auto\">L&rsquo;aviez vous vu ?<\/div>\n<div dir=\"auto\"><\/div>\n<\/div>\n<div class=\"x11i5rnm xat24cr x1mh8g0r x1vvkbs xtlvy1s x126k92a\">\n<div dir=\"auto\">Taille : 48 cm de haut et 25 cm de diam\u00e8tre.<\/div>\n<div dir=\"auto\"><\/div>\n<\/div>\n<div class=\"x11i5rnm xat24cr x1mh8g0r x1vvkbs xtlvy1s x126k92a\">\n<div dir=\"auto\">Pour les commander : cliquez ce lien SVP !<\/div>\n<\/div>\n<\/div>\n<\/div>\n<\/div>\n<\/div>\n<\/div>\n<p><a href=\"https:\/\/www.jeromehutin-photographe.fr\/boutique-arbor-ethic?store-page=Deux-lampes-de-chevet-La-Vezere-a-la-Tourbiere-de-Longeyroux-sous-la-neige-Correze-p524345372\" target=\"_blank\" rel=\"noopener\">https:\/\/www.jeromehutin-photographe.fr\/boutique-arbor-ethic?store-page=Deux-lampes-de-chevet-La-Vezere-a-la-Tourbiere-de-Longeyroux-sous-la-neige-Correze-p524345372<\/a><\/p>\n<div id='gallery-1' class='gallery galleryid-11512 gallery-columns-2 gallery-size-large'><figure class='gallery-item'>\n\t\t\t<div class='gallery-icon portrait'>\n\t\t\t\t<a href='https:\/\/vezere.org\/index.php\/2023\/01\/19\/ecrire-avec-le-lumiere-jerome-hutin-deux-nouvelles-lampes-de-chevet-la-vezere-a-la-tourbiere-de-longeyroux-sous-la-neige-correze\/tourbiere_longeyroux_sous_neige02\/'><img loading=\"lazy\" decoding=\"async\" width=\"509\" height=\"1024\" src=\"https:\/\/vezere.org\/wp-content\/uploads\/2023\/01\/tourbiere_longeyroux_sous_neige02-509x1024.jpg\" class=\"attachment-large size-large\" alt=\"\" srcset=\"https:\/\/vezere.org\/wp-content\/uploads\/2023\/01\/tourbiere_longeyroux_sous_neige02-509x1024.jpg 509w, https:\/\/vezere.org\/wp-content\/uploads\/2023\/01\/tourbiere_longeyroux_sous_neige02-149x300.jpg 149w, https:\/\/vezere.org\/wp-content\/uploads\/2023\/01\/tourbiere_longeyroux_sous_neige02-768x1545.jpg 768w, https:\/\/vezere.org\/wp-content\/uploads\/2023\/01\/tourbiere_longeyroux_sous_neige02.jpg 1018w\" sizes=\"auto, (max-width: 509px) 100vw, 509px\" \/><\/a>\n\t\t\t<\/div><\/figure><figure class='gallery-item'>\n\t\t\t<div class='gallery-icon portrait'>\n\t\t\t\t<a href='https:\/\/vezere.org\/index.php\/2023\/01\/19\/ecrire-avec-le-lumiere-jerome-hutin-deux-nouvelles-lampes-de-chevet-la-vezere-a-la-tourbiere-de-longeyroux-sous-la-neige-correze\/tourbiere_longeyroux_sous_neige_pied02\/'><img loading=\"lazy\" decoding=\"async\" width=\"473\" height=\"1024\" src=\"https:\/\/vezere.org\/wp-content\/uploads\/2023\/01\/tourbiere_longeyroux_sous_neige_pied02-473x1024.jpg\" class=\"attachment-large size-large\" alt=\"\" srcset=\"https:\/\/vezere.org\/wp-content\/uploads\/2023\/01\/tourbiere_longeyroux_sous_neige_pied02-473x1024.jpg 473w, https:\/\/vezere.org\/wp-content\/uploads\/2023\/01\/tourbiere_longeyroux_sous_neige_pied02-138x300.jpg 138w, https:\/\/vezere.org\/wp-content\/uploads\/2023\/01\/tourbiere_longeyroux_sous_neige_pied02-768x1664.jpg 768w, https:\/\/vezere.org\/wp-content\/uploads\/2023\/01\/tourbiere_longeyroux_sous_neige_pied02.jpg 945w\" sizes=\"auto, (max-width: 473px) 100vw, 473px\" \/><\/a>\n\t\t\t<\/div><\/figure><figure class='gallery-item'>\n\t\t\t<div class='gallery-icon portrait'>\n\t\t\t\t<a href='https:\/\/vezere.org\/index.php\/2023\/01\/19\/ecrire-avec-le-lumiere-jerome-hutin-deux-nouvelles-lampes-de-chevet-la-vezere-a-la-tourbiere-de-longeyroux-sous-la-neige-correze\/tourbiere_longeyroux_sous_neige_pied\/'><img loading=\"lazy\" decoding=\"async\" width=\"473\" height=\"1024\" src=\"https:\/\/vezere.org\/wp-content\/uploads\/2023\/01\/tourbiere_longeyroux_sous_neige_pied-473x1024.jpg\" class=\"attachment-large size-large\" alt=\"\" srcset=\"https:\/\/vezere.org\/wp-content\/uploads\/2023\/01\/tourbiere_longeyroux_sous_neige_pied-473x1024.jpg 473w, https:\/\/vezere.org\/wp-content\/uploads\/2023\/01\/tourbiere_longeyroux_sous_neige_pied-138x300.jpg 138w, https:\/\/vezere.org\/wp-content\/uploads\/2023\/01\/tourbiere_longeyroux_sous_neige_pied-768x1664.jpg 768w, https:\/\/vezere.org\/wp-content\/uploads\/2023\/01\/tourbiere_longeyroux_sous_neige_pied.jpg 945w\" sizes=\"auto, (max-width: 473px) 100vw, 473px\" \/><\/a>\n\t\t\t<\/div><\/figure><figure class='gallery-item'>\n\t\t\t<div class='gallery-icon landscape'>\n\t\t\t\t<a href='https:\/\/vezere.org\/index.php\/2023\/01\/19\/ecrire-avec-le-lumiere-jerome-hutin-deux-nouvelles-lampes-de-chevet-la-vezere-a-la-tourbiere-de-longeyroux-sous-la-neige-correze\/tourbiere_longeyroux_sous_neige_duo\/'><img loading=\"lazy\" decoding=\"async\" width=\"960\" height=\"911\" src=\"https:\/\/vezere.org\/wp-content\/uploads\/2023\/01\/tourbiere_longeyroux_sous_neige_duo-1024x972.jpg\" class=\"attachment-large size-large\" alt=\"\" srcset=\"https:\/\/vezere.org\/wp-content\/uploads\/2023\/01\/tourbiere_longeyroux_sous_neige_duo-1024x972.jpg 1024w, https:\/\/vezere.org\/wp-content\/uploads\/2023\/01\/tourbiere_longeyroux_sous_neige_duo-300x285.jpg 300w, https:\/\/vezere.org\/wp-content\/uploads\/2023\/01\/tourbiere_longeyroux_sous_neige_duo-768x729.jpg 768w, https:\/\/vezere.org\/wp-content\/uploads\/2023\/01\/tourbiere_longeyroux_sous_neige_duo-1140x1082.jpg 1140w, https:\/\/vezere.org\/wp-content\/uploads\/2023\/01\/tourbiere_longeyroux_sous_neige_duo.jpg 1963w\" sizes=\"auto, (max-width: 960px) 100vw, 960px\" \/><\/a>\n\t\t\t<\/div><\/figure><figure class='gallery-item'>\n\t\t\t<div class='gallery-icon portrait'>\n\t\t\t\t<a href='https:\/\/vezere.org\/index.php\/2023\/01\/19\/ecrire-avec-le-lumiere-jerome-hutin-deux-nouvelles-lampes-de-chevet-la-vezere-a-la-tourbiere-de-longeyroux-sous-la-neige-correze\/tourbiere_longeyroux_sous_neige\/'><img loading=\"lazy\" decoding=\"async\" width=\"518\" height=\"1024\" src=\"https:\/\/vezere.org\/wp-content\/uploads\/2023\/01\/tourbiere_longeyroux_sous_neige-518x1024.jpg\" class=\"attachment-large size-large\" alt=\"\" srcset=\"https:\/\/vezere.org\/wp-content\/uploads\/2023\/01\/tourbiere_longeyroux_sous_neige-518x1024.jpg 518w, https:\/\/vezere.org\/wp-content\/uploads\/2023\/01\/tourbiere_longeyroux_sous_neige-152x300.jpg 152w, https:\/\/vezere.org\/wp-content\/uploads\/2023\/01\/tourbiere_longeyroux_sous_neige-768x1520.jpg 768w, https:\/\/vezere.org\/wp-content\/uploads\/2023\/01\/tourbiere_longeyroux_sous_neige.jpg 1035w\" sizes=\"auto, (max-width: 518px) 100vw, 518px\" \/><\/a>\n\t\t\t<\/div><\/figure>\n\t\t<\/div>\n\n<p>&nbsp;<\/p>\n","protected":false},"excerpt":{"rendered":"<p>Je viens de finaliser deux nouvelles lampes de chevets repr\u00e9sentant la V\u00e9z\u00e8re \u00e0 la tourbi\u00e8re de Longeyroux sous la neige. Pour les abat-jours, il sont imprim\u00e9s par mes soins, dans mon appart&rsquo;galerie \u00e0 Terrasson sur papier CANSON Infinity Arche. Les pieds proviennent d&rsquo;ancien isolateurs \u00e9lectriques en verre et la pierre est fournie par les #CompagnonsReunis de #Peyrignac . Merci a Georges Lafaye pour me les avoir fourni et \u00e0 de ses tailleurs de pierre. Le dessous est du li\u00e8ge. Et elles sont lumineuses ! Et rajoutera de beaux paysages de la Corr\u00e8ze et de la V\u00e9z\u00e8re dans \u00ab\u00a0votre chez vous\u00a0\u00bb ou dans vos \u00ab\u00a0chambres d&rsquo;h\u00f4tes\u00a0\u00bb. Ces deux lampes sont ins\u00e9parables bien \u00e9videmment. Elles sont sign\u00e9es J\u00e9r\u00f4me Hutin &#8211; Arbor&rsquo;Ethic La photographie a \u00e9t\u00e9 r\u00e9alis\u00e9e le 07 Janvier 2021, apr\u00e8s avoir march\u00e9 7 km ! les pieds gel\u00e9s J&rsquo;\u00e9tais le seul \u00e0 r\u00e9aliser cette magnifique photo ! L&rsquo;arbre au centre de l&rsquo;image est un bouleau, arbre celtique ! Cette photographie avait \u00e9t\u00e9 expos\u00e9e en 4 m de long sur les remparts de Terrasson en 2021 ! L&rsquo;aviez vous vu ? Taille : 48 cm de haut et 25 cm de diam\u00e8tre. Pour les commander : cliquez ce lien SVP ! https:\/\/www.jeromehutin-photographe.fr\/boutique-arbor-ethic?store-page=Deux-lampes-de-chevet-La-Vezere-a-la-Tourbiere-de-Longeyroux-sous-la-neige-Correze-p524345372 &nbsp;<\/p>\n","protected":false},"author":1,"featured_media":11513,"comment_status":"open","ping_status":"open","sticky":false,"template":"","format":"standard","meta":{"footnotes":""},"categories":[3,6,34,67,63,56,14,55,51,13],"tags":[],"class_list":["post-11512","post","type-post","status-publish","format-standard","has-post-thumbnail","hentry","category-arbres","category-artisans-dart","category-correze","category-la-biodiversite","category-les-ruisseaux","category-nature","category-photographie","category-rivieres","category-saint-merd-les-oussines","category-vezere"],"_links":{"self":[{"href":"https:\/\/vezere.org\/index.php\/wp-json\/wp\/v2\/posts\/11512","targetHints":{"allow":["GET"]}}],"collection":[{"href":"https:\/\/vezere.org\/index.php\/wp-json\/wp\/v2\/posts"}],"about":[{"href":"https:\/\/vezere.org\/index.php\/wp-json\/wp\/v2\/types\/post"}],"author":[{"embeddable":true,"href":"https:\/\/vezere.org\/index.php\/wp-json\/wp\/v2\/users\/1"}],"replies":[{"embeddable":true,"href":"https:\/\/vezere.org\/index.php\/wp-json\/wp\/v2\/comments?post=11512"}],"version-history":[{"count":2,"href":"https:\/\/vezere.org\/index.php\/wp-json\/wp\/v2\/posts\/11512\/revisions"}],"predecessor-version":[{"id":11519,"href":"https:\/\/vezere.org\/index.php\/wp-json\/wp\/v2\/posts\/11512\/revisions\/11519"}],"wp:featuredmedia":[{"embeddable":true,"href":"https:\/\/vezere.org\/index.php\/wp-json\/wp\/v2\/media\/11513"}],"wp:attachment":[{"href":"https:\/\/vezere.org\/index.php\/wp-json\/wp\/v2\/media?parent=11512"}],"wp:term":[{"taxonomy":"category","embeddable":true,"href":"https:\/\/vezere.org\/index.php\/wp-json\/wp\/v2\/categories?post=11512"},{"taxonomy":"post_tag","embeddable":true,"href":"https:\/\/vezere.org\/index.php\/wp-json\/wp\/v2\/tags?post=11512"}],"curies":[{"name":"wp","href":"https:\/\/api.w.org\/{rel}","templated":true}]}}