{"id":11076,"date":"2022-07-16T01:03:29","date_gmt":"2022-07-15T23:03:29","guid":{"rendered":"http:\/\/vezere.org\/?p=11076"},"modified":"2022-07-16T01:03:29","modified_gmt":"2022-07-15T23:03:29","slug":"terrasson-lavilledieu-spectacle-son-lumiere-le-14-juillet-2022-video-de-jerome-hutin","status":"publish","type":"post","link":"https:\/\/vezere.org\/index.php\/2022\/07\/16\/terrasson-lavilledieu-spectacle-son-lumiere-le-14-juillet-2022-video-de-jerome-hutin\/","title":{"rendered":"Terrasson-Lavilledieu : spectacle Son &#038; Lumi\u00e8re le 14 juillet 2022. Vid\u00e9o de J\u00e9r\u00f4me Hutin"},"content":{"rendered":"<h1>Terrasson-Lavilledieu : spectacle Son &amp; Lumi\u00e8re le 14 juillet 2022. Vid\u00e9o de J\u00e9r\u00f4me Hutin<\/h1>\n<h3>Superbe spectacle Son &amp; Lumi\u00e8re, au bord du bassin de la V\u00e9z\u00e8re \u00e0 Terrasson.<\/h3>\n<p>Cela faisait 3 ans qu&rsquo;il n&rsquo;y avait pas eu de spectacle pyrotechnique, malgr\u00e9 la canicule&#8230;.les oiseaux&#8230;.la biodiversit\u00e9.<\/p>\n<p>Le public \u00e9tait bien pr\u00e9sent ! Mais comme d&rsquo;habitudes plus personnes \u00e0 fl\u00e2ner dans la ville ancienne apr\u00e8s le spectacle.<\/p>\n<p>Je verrais bien quelques jolies photos de la nature le long de la V\u00e9z\u00e8re qui seraient projet\u00e9s sur les murs de la ville, entre les feux d&rsquo;artifices&#8230;<\/p>\n<p>Voici en vid\u00e9o, 50 mn de projection. D\u00e9sol\u00e9 pour la voix off, un peu satur\u00e9e ou inaudible, j&rsquo;ai donc mis des photos fixes lors des moments sans feux&#8230;<\/p>\n<p>Merci \u00e0 la municipalit\u00e9 de Terrasson qui a \u00ab\u00a0offert\u00a0\u00bb de spectacle gratuitement.<\/p>\n<div style=\"padding: 56.21% 0 0 0; position: relative;\"><iframe style=\"position: absolute; top: 0; left: 0; width: 100%; height: 100%;\" title=\"Son &amp;amp; Lumi&amp;egrave;re &amp;agrave; terrasson le 14 juillet 2022\" src=\"https:\/\/player.vimeo.com\/video\/730358562?h=c238642fad&amp;badge=0&amp;autopause=0&amp;player_id=0&amp;app_id=58479\" frameborder=\"0\" allowfullscreen=\"allowfullscreen\"><\/iframe><\/div>\n<p>&nbsp;<\/p>\n<p>&nbsp;<\/p>\n","protected":false},"excerpt":{"rendered":"<p>Terrasson-Lavilledieu : spectacle Son &amp; Lumi\u00e8re le 14 juillet 2022. Vid\u00e9o de J\u00e9r\u00f4me Hutin Superbe spectacle Son &amp; Lumi\u00e8re, au bord du bassin de la V\u00e9z\u00e8re \u00e0 Terrasson. Cela faisait 3 ans qu&rsquo;il n&rsquo;y avait pas eu de spectacle pyrotechnique, malgr\u00e9 la canicule&#8230;.les oiseaux&#8230;.la biodiversit\u00e9. Le public \u00e9tait bien pr\u00e9sent ! Mais comme d&rsquo;habitudes plus personnes \u00e0 fl\u00e2ner dans la ville ancienne apr\u00e8s le spectacle. Je verrais bien quelques jolies photos de la nature le long de la V\u00e9z\u00e8re qui seraient projet\u00e9s sur les murs de la ville, entre les feux d&rsquo;artifices&#8230; Voici en vid\u00e9o, 50 mn de projection. D\u00e9sol\u00e9 pour la voix off, un peu satur\u00e9e ou inaudible, j&rsquo;ai donc mis des photos fixes lors des moments sans feux&#8230; Merci \u00e0 la municipalit\u00e9 de Terrasson qui a \u00ab\u00a0offert\u00a0\u00bb de spectacle gratuitement. &nbsp; &nbsp;<\/p>\n","protected":false},"author":1,"featured_media":11077,"comment_status":"open","ping_status":"open","sticky":false,"template":"","format":"standard","meta":{"footnotes":""},"categories":[53,78,17,13],"tags":[],"class_list":["post-11076","post","type-post","status-publish","format-standard","has-post-thumbnail","hentry","category-dordogne","category-feux-dartifices","category-terrasson","category-vezere"],"_links":{"self":[{"href":"https:\/\/vezere.org\/index.php\/wp-json\/wp\/v2\/posts\/11076","targetHints":{"allow":["GET"]}}],"collection":[{"href":"https:\/\/vezere.org\/index.php\/wp-json\/wp\/v2\/posts"}],"about":[{"href":"https:\/\/vezere.org\/index.php\/wp-json\/wp\/v2\/types\/post"}],"author":[{"embeddable":true,"href":"https:\/\/vezere.org\/index.php\/wp-json\/wp\/v2\/users\/1"}],"replies":[{"embeddable":true,"href":"https:\/\/vezere.org\/index.php\/wp-json\/wp\/v2\/comments?post=11076"}],"version-history":[{"count":1,"href":"https:\/\/vezere.org\/index.php\/wp-json\/wp\/v2\/posts\/11076\/revisions"}],"predecessor-version":[{"id":11078,"href":"https:\/\/vezere.org\/index.php\/wp-json\/wp\/v2\/posts\/11076\/revisions\/11078"}],"wp:featuredmedia":[{"embeddable":true,"href":"https:\/\/vezere.org\/index.php\/wp-json\/wp\/v2\/media\/11077"}],"wp:attachment":[{"href":"https:\/\/vezere.org\/index.php\/wp-json\/wp\/v2\/media?parent=11076"}],"wp:term":[{"taxonomy":"category","embeddable":true,"href":"https:\/\/vezere.org\/index.php\/wp-json\/wp\/v2\/categories?post=11076"},{"taxonomy":"post_tag","embeddable":true,"href":"https:\/\/vezere.org\/index.php\/wp-json\/wp\/v2\/tags?post=11076"}],"curies":[{"name":"wp","href":"https:\/\/api.w.org\/{rel}","templated":true}]}}